{"id":5728,"date":"2020-04-07T18:10:24","date_gmt":"2020-04-07T16:10:24","guid":{"rendered":"http:\/\/nano-sense.com\/?p=5728"},"modified":"2021-05-17T16:11:24","modified_gmt":"2021-05-17T14:11:24","slug":"journee-mondiale-de-la-sante-2020-informations-et-messages-de-loms","status":"publish","type":"post","link":"https:\/\/nano-sense.com\/index.php\/actualites\/journee-mondiale-de-la-sante-2020-informations-et-messages-de-loms\/","title":{"rendered":"Journ\u00e9e mondiale de la Sant\u00e9 2020 : informations et messages de l&rsquo;OMS"},"content":{"rendered":"\t\t<div data-elementor-type=\"wp-post\" data-elementor-id=\"5728\" class=\"elementor elementor-5728\" data-elementor-post-type=\"post\">\n\t\t\t\t\t\t<section class=\"elementor-section elementor-top-section elementor-element elementor-element-24a71f9d elementor-section-boxed elementor-section-height-default elementor-section-height-default\" data-id=\"24a71f9d\" data-element_type=\"section\">\n\t\t\t\t\t\t<div class=\"elementor-container elementor-column-gap-default\">\n\t\t\t\t\t<div class=\"elementor-column elementor-col-100 elementor-top-column elementor-element elementor-element-2149cf1f\" data-id=\"2149cf1f\" data-element_type=\"column\">\n\t\t\t<div class=\"elementor-widget-wrap elementor-element-populated\">\n\t\t\t\t\t\t<div class=\"elementor-element elementor-element-20ff2ed2 elementor-widget elementor-widget-text-editor\" data-id=\"20ff2ed2\" data-element_type=\"widget\" data-widget_type=\"text-editor.default\">\n\t\t\t\t<div class=\"elementor-widget-container\">\n\t\t\t\t\t\t\t\t\t\n<figure class=\"wp-block-image\"><img fetchpriority=\"high\" decoding=\"async\" width=\"300\" height=\"300\" src=\"https:\/\/nano-sense.com\/wp-content\/uploads\/2020\/04\/WHO-infographie-3-300x300.png\" alt=\"\" class=\"wp-image-5737\" srcset=\"https:\/\/nano-sense.com\/wp-content\/uploads\/2020\/04\/WHO-infographie-3-300x300.png 300w, https:\/\/nano-sense.com\/wp-content\/uploads\/2020\/04\/WHO-infographie-3-100x100.png 100w, https:\/\/nano-sense.com\/wp-content\/uploads\/2020\/04\/WHO-infographie-3-150x150.png 150w, https:\/\/nano-sense.com\/wp-content\/uploads\/2020\/04\/WHO-infographie-3-250x250.png 250w, https:\/\/nano-sense.com\/wp-content\/uploads\/2020\/04\/WHO-infographie-3-200x200.png 200w, https:\/\/nano-sense.com\/wp-content\/uploads\/2020\/04\/WHO-infographie-3.png 479w\" sizes=\"(max-width: 300px) 100vw, 300px\" \/><\/figure>\n\n\n\n<figure class=\"wp-block-image\"><img decoding=\"async\" width=\"300\" height=\"300\" src=\"https:\/\/nano-sense.com\/wp-content\/uploads\/2020\/04\/WHO-infographie-2-300x300.png\" alt=\"\" class=\"wp-image-5733\" srcset=\"https:\/\/nano-sense.com\/wp-content\/uploads\/2020\/04\/WHO-infographie-2-300x300.png 300w, https:\/\/nano-sense.com\/wp-content\/uploads\/2020\/04\/WHO-infographie-2-100x100.png 100w, https:\/\/nano-sense.com\/wp-content\/uploads\/2020\/04\/WHO-infographie-2-150x150.png 150w, https:\/\/nano-sense.com\/wp-content\/uploads\/2020\/04\/WHO-infographie-2-250x250.png 250w, https:\/\/nano-sense.com\/wp-content\/uploads\/2020\/04\/WHO-infographie-2-200x200.png 200w, https:\/\/nano-sense.com\/wp-content\/uploads\/2020\/04\/WHO-infographie-2.png 479w\" sizes=\"(max-width: 300px) 100vw, 300px\" \/><\/figure>\n\n\n\n<figure class=\"wp-block-image\"><img decoding=\"async\" width=\"300\" height=\"300\" src=\"https:\/\/nano-sense.com\/wp-content\/uploads\/2020\/04\/WHO-infographie-1-300x300.png\" alt=\"\" class=\"wp-image-5732\" srcset=\"https:\/\/nano-sense.com\/wp-content\/uploads\/2020\/04\/WHO-infographie-1-300x300.png 300w, https:\/\/nano-sense.com\/wp-content\/uploads\/2020\/04\/WHO-infographie-1-100x100.png 100w, https:\/\/nano-sense.com\/wp-content\/uploads\/2020\/04\/WHO-infographie-1-150x150.png 150w, https:\/\/nano-sense.com\/wp-content\/uploads\/2020\/04\/WHO-infographie-1-250x250.png 250w, https:\/\/nano-sense.com\/wp-content\/uploads\/2020\/04\/WHO-infographie-1-200x200.png 200w, https:\/\/nano-sense.com\/wp-content\/uploads\/2020\/04\/WHO-infographie-1.png 479w\" sizes=\"(max-width: 300px) 100vw, 300px\" \/><\/figure>\n\n\n\n<p><strong>Renforcer le personnel infirmier et obst\u00e9trical afin de parvenir \u00e0 la sant\u00e9 pour tous<\/strong><\/p>\n\n\n\n<p>Il est essentiel de disposer d\u2019un personnel infirmier et obst\u00e9trical solide pour parvenir \u00e0 la couverture sanitaire universelle.<\/p>\n\n\n\n<p>Former le personnel infirmier et les sages-femmes suivant les normes internationales est rationnel du point de vue \u00e9conomique. Cela permet d\u2019\u00e9conomiser des ressources en \u00e9vitant les interventions co\u00fbteuses et inutiles, d\u2019am\u00e9liorer la qualit\u00e9 des soins et de tendre vers la sant\u00e9 pour tous.<\/p>\n\n\n\n<p>Le renforcement et l\u2019\u00e9panouissement professionnel du personnel infirmier et des sages-femmes sont parmi les mesures les plus importantes pour parvenir \u00e0 la couverture sanitaire universelle et am\u00e9liorer la sant\u00e9 dans le monde.<\/p>\n\n\n\n<p>Mais, trop souvent, le personnel infirmier et les sages-femmes sont sous-estim\u00e9s et ne peuvent pas s\u2019\u00e9panouir pleinement. En 2020, l\u2019OMS souhaite que l\u2019ensemble du personnel infirmier et des sages-femmes puissent travailler en s\u00e9curit\u00e9, \u00eatre respect\u00e9s par leurs coll\u00e8gues m\u00e9decins et les membres des communaut\u00e9s, avoir acc\u00e8s \u00e0 des services de soins qui fonctionnent et travailler avec d\u2019autres professionnels de la sant\u00e9.<\/p>\n\n\n\n<p>En d\u00e9veloppant les soins infirmiers et obst\u00e9tricaux, les pays peuvent \u00e0 la fois am\u00e9liorer la sant\u00e9, promouvoir l\u2019\u00e9galit\u00e9 entre les sexes et favoriser la croissance \u00e9conomique.<\/p>\n\n\n\n<p>Le renforcement des soins infirmiers et obst\u00e9tricaux permettra aussi de promouvoir l\u2019\u00e9galit\u00e9 des sexes (ODD5), de contribuer au d\u00e9veloppement \u00e9conomique (ODD8) et d\u2019atteindre d\u2019autres objectifs de d\u00e9veloppement durable.<\/p>\n\n\n\n<p><strong>Renforcer le leadership et l\u2019influence du personnel infirmier et des sages-femmes pour am\u00e9liorer les services de sant\u00e9<\/strong><\/p>\n\n\n\n<p>Le personnel infirmier et les sages-femmes d\u00e9fendent l\u2019int\u00e9r\u00eat des patients et apportent des innovations dans leurs communaut\u00e9s, dans les dispensaires, dans les h\u00f4pitaux et dans le syst\u00e8me de soins. Mais ils doivent \u00e9galement \u00eatre reconnus \u00e0 leur juste valeur et occuper des postes de direction o\u00f9 ils puissent orienter les politiques et les investissements dans le domaine de la sant\u00e9.<\/p>\n\n\n\n<p>Le personnel infirmier et les sages-femmes peuvent r\u00e9pondre \u00e0 beaucoup de probl\u00e8mes de sant\u00e9 du monde mais il faut d\u2019abord surmonter des obstacles professionnels, socioculturels et \u00e9conomiques.<\/p>\n\n\n\n<p><strong>Engagement politique et financier<\/strong><\/p>\n\n\n\n<p>La couverture sanitaire universelle rel\u00e8ve d\u2019un choix politique. Les investissements nationaux dans les soins infirmiers et obst\u00e9tricaux \u00e9galement.<\/p>\n\n\n\n<p><strong>Cinq mesures essentielles<\/strong><\/p>\n\n\n\n<ul class=\"wp-block-list\"><li>Investir dans plus de services dirig\u00e9s par le personnel infirmier et les sages-femmes afin de permettre \u00e0 ces derniers de s\u2019\u00e9panouir pleinement.<\/li><li>Employer plus de personnel infirmier sp\u00e9cialis\u00e9.<\/li><li>Placer les sages-femmes et le personnel infirmier au c\u0153ur des soins de sant\u00e9 primaires, pour la prestation de services et l\u2019encadrement des agents de sant\u00e9 communautaires.<\/li><li>Aider le personnel infirmier et les sages-femmes \u00e0 promouvoir la sant\u00e9 et \u00e0 pr\u00e9venir les maladies.<\/li><li>Investir en faveur du leadership du personnel infirmier et des sages-femmes.<\/li><\/ul>\n\n\n\n<p><strong>\u00c9tat du personnel infirmier dans le monde<\/strong><\/p>\n\n\n\n<p>Ce rapport, qui sera publi\u00e9 en avril 2020, offrira une vue d\u2019ensemble du personnel infirmier dans le monde et facilitera la planification sur des bases factuelles pour optimiser les contributions de ces personnels \u00e0 la sant\u00e9 et au bien-\u00eatre de tous et pour progresser r\u00e9ellement sur la voie de la CSU et dans la r\u00e9alisation des ODD. Le rapport pr\u00e9sentera les mesures \u00e0 prendre pour la collecte de donn\u00e9es, le dialogue sur les politiques, la recherche, la sensibilisation et l\u2019investissement dans les personnels de sant\u00e9 pour les g\u00e9n\u00e9rations \u00e0 venir.<\/p>\n\n\n\n<figure class=\"wp-block-image is-resized\"><img loading=\"lazy\" decoding=\"async\" src=\"https:\/\/nano-sense.com\/wp-content\/uploads\/2020\/04\/Logo-OMS.png\" alt=\"\" class=\"wp-image-5729\" width=\"240\" height=\"229\" srcset=\"https:\/\/nano-sense.com\/wp-content\/uploads\/2020\/04\/Logo-OMS.png 960w, https:\/\/nano-sense.com\/wp-content\/uploads\/2020\/04\/Logo-OMS-600x573.png 600w, https:\/\/nano-sense.com\/wp-content\/uploads\/2020\/04\/Logo-OMS-300x287.png 300w, https:\/\/nano-sense.com\/wp-content\/uploads\/2020\/04\/Logo-OMS-768x734.png 768w\" sizes=\"(max-width: 240px) 100vw, 240px\" \/><\/figure>\n\n\n\n<p><a href=\"https:\/\/www.who.int\/fr\">Lien vers le site de l\u2019OMS.<\/a><\/p>\n\n\n\n<p>Lien vers notre publication LinkedIn.<\/p>\n\n\n\n<p><\/p>\n\t\t\t\t\t\t\t\t<\/div>\n\t\t\t\t<\/div>\n\t\t\t\t\t<\/div>\n\t\t<\/div>\n\t\t\t\t\t<\/div>\n\t\t<\/section>\n\t\t\t\t<\/div>\n\t\t","protected":false},"excerpt":{"rendered":"<p>Le personnel infirmier et les sages-femmes d\u00e9fendent l\u2019int\u00e9r\u00eat des patients et apportent des innovations dans leurs communaut\u00e9s, dans les dispensaires, dans les h\u00f4pitaux et dans le syst\u00e8me de soins.<\/p>\n","protected":false},"author":2,"featured_media":7488,"comment_status":"closed","ping_status":"closed","sticky":false,"template":"","format":"standard","meta":{"_uf_show_specific_survey":0,"_uf_disable_surveys":false,"footnotes":"","_wp_rev_ctl_limit":""},"categories":[154],"tags":[],"class_list":["post-5728","post","type-post","status-publish","format-standard","has-post-thumbnail","hentry","category-actualites","entry","has-media"],"aioseo_notices":[],"yoast_head":"<!-- This site is optimized with the Yoast SEO plugin v25.6 - https:\/\/yoast.com\/wordpress\/plugins\/seo\/ -->\n<title>Journ\u00e9e mondiale de la Sant\u00e9 2020 : informations et messages de l&#039;OMS - NanoSense<\/title>\n<meta name=\"description\" content=\"Sonde multi-capteurs mesure la Qualit\u00e9 de l&#039;Air Int\u00e9rieur et contr\u00f4le la ventilation (sur demande) tout en \u00e9conomisant de l&#039;\u00e9nergie.\" \/>\n<meta name=\"robots\" content=\"index, follow, max-snippet:-1, max-image-preview:large, max-video-preview:-1\" \/>\n<link rel=\"canonical\" href=\"https:\/\/nano-sense.com\/index.php\/actualites\/journee-mondiale-de-la-sante-2020-informations-et-messages-de-loms\/\" \/>\n<meta property=\"og:locale\" content=\"fr_FR\" \/>\n<meta property=\"og:type\" content=\"article\" \/>\n<meta property=\"og:title\" content=\"Journ\u00e9e mondiale de la Sant\u00e9 2020 : informations et messages de l&#039;OMS - NanoSense\" \/>\n<meta property=\"og:description\" content=\"Sonde multi-capteurs mesure la Qualit\u00e9 de l&#039;Air Int\u00e9rieur et contr\u00f4le la ventilation (sur demande) tout en \u00e9conomisant de l&#039;\u00e9nergie.\" \/>\n<meta property=\"og:url\" content=\"https:\/\/nano-sense.com\/index.php\/actualites\/journee-mondiale-de-la-sante-2020-informations-et-messages-de-loms\/\" \/>\n<meta property=\"og:site_name\" content=\"NanoSense\" \/>\n<meta property=\"article:published_time\" content=\"2020-04-07T16:10:24+00:00\" \/>\n<meta property=\"article:modified_time\" content=\"2021-05-17T14:11:24+00:00\" \/>\n<meta property=\"og:image\" content=\"https:\/\/nano-sense.com\/wp-content\/uploads\/2020\/04\/jms.png\" \/>\n\t<meta property=\"og:image:width\" content=\"272\" \/>\n\t<meta property=\"og:image:height\" content=\"185\" \/>\n\t<meta property=\"og:image:type\" content=\"image\/png\" \/>\n<meta name=\"author\" content=\"Olivier MARTIMORT\" \/>\n<meta name=\"twitter:card\" content=\"summary_large_image\" \/>\n<meta name=\"twitter:label1\" content=\"\u00c9crit par\" \/>\n\t<meta name=\"twitter:data1\" content=\"Olivier MARTIMORT\" \/>\n\t<meta name=\"twitter:label2\" content=\"Dur\u00e9e de lecture estim\u00e9e\" \/>\n\t<meta name=\"twitter:data2\" content=\"3 minutes\" \/>\n<script type=\"application\/ld+json\" class=\"yoast-schema-graph\">{\"@context\":\"https:\/\/schema.org\",\"@graph\":[{\"@type\":\"Article\",\"@id\":\"https:\/\/nano-sense.com\/index.php\/actualites\/journee-mondiale-de-la-sante-2020-informations-et-messages-de-loms\/#article\",\"isPartOf\":{\"@id\":\"https:\/\/nano-sense.com\/index.php\/actualites\/journee-mondiale-de-la-sante-2020-informations-et-messages-de-loms\/\"},\"author\":{\"name\":\"Olivier MARTIMORT\",\"@id\":\"https:\/\/nano-sense.com\/#\/schema\/person\/7ce14989772257a9bc76ae6bb8e03359\"},\"headline\":\"Journ\u00e9e mondiale de la Sant\u00e9 2020 : informations et messages de l&rsquo;OMS\",\"datePublished\":\"2020-04-07T16:10:24+00:00\",\"dateModified\":\"2021-05-17T14:11:24+00:00\",\"mainEntityOfPage\":{\"@id\":\"https:\/\/nano-sense.com\/index.php\/actualites\/journee-mondiale-de-la-sante-2020-informations-et-messages-de-loms\/\"},\"wordCount\":597,\"publisher\":{\"@id\":\"https:\/\/nano-sense.com\/#\/schema\/person\/5df3fcb722c51e50b72365ebb0881502\"},\"image\":{\"@id\":\"https:\/\/nano-sense.com\/index.php\/actualites\/journee-mondiale-de-la-sante-2020-informations-et-messages-de-loms\/#primaryimage\"},\"thumbnailUrl\":\"https:\/\/nano-sense.com\/wp-content\/uploads\/2020\/04\/jms.png\",\"articleSection\":[\"Actualit\u00e9s\"],\"inLanguage\":\"fr-FR\"},{\"@type\":\"WebPage\",\"@id\":\"https:\/\/nano-sense.com\/index.php\/actualites\/journee-mondiale-de-la-sante-2020-informations-et-messages-de-loms\/\",\"url\":\"https:\/\/nano-sense.com\/index.php\/actualites\/journee-mondiale-de-la-sante-2020-informations-et-messages-de-loms\/\",\"name\":\"Journ\u00e9e mondiale de la Sant\u00e9 2020 : informations et messages de l'OMS - NanoSense\",\"isPartOf\":{\"@id\":\"https:\/\/nano-sense.com\/#website\"},\"primaryImageOfPage\":{\"@id\":\"https:\/\/nano-sense.com\/index.php\/actualites\/journee-mondiale-de-la-sante-2020-informations-et-messages-de-loms\/#primaryimage\"},\"image\":{\"@id\":\"https:\/\/nano-sense.com\/index.php\/actualites\/journee-mondiale-de-la-sante-2020-informations-et-messages-de-loms\/#primaryimage\"},\"thumbnailUrl\":\"https:\/\/nano-sense.com\/wp-content\/uploads\/2020\/04\/jms.png\",\"datePublished\":\"2020-04-07T16:10:24+00:00\",\"dateModified\":\"2021-05-17T14:11:24+00:00\",\"description\":\"Sonde multi-capteurs mesure la Qualit\u00e9 de l'Air Int\u00e9rieur et contr\u00f4le la ventilation (sur demande) tout en \u00e9conomisant de l'\u00e9nergie.\",\"breadcrumb\":{\"@id\":\"https:\/\/nano-sense.com\/index.php\/actualites\/journee-mondiale-de-la-sante-2020-informations-et-messages-de-loms\/#breadcrumb\"},\"inLanguage\":\"fr-FR\",\"potentialAction\":[{\"@type\":\"ReadAction\",\"target\":[\"https:\/\/nano-sense.com\/index.php\/actualites\/journee-mondiale-de-la-sante-2020-informations-et-messages-de-loms\/\"]}]},{\"@type\":\"ImageObject\",\"inLanguage\":\"fr-FR\",\"@id\":\"https:\/\/nano-sense.com\/index.php\/actualites\/journee-mondiale-de-la-sante-2020-informations-et-messages-de-loms\/#primaryimage\",\"url\":\"https:\/\/nano-sense.com\/wp-content\/uploads\/2020\/04\/jms.png\",\"contentUrl\":\"https:\/\/nano-sense.com\/wp-content\/uploads\/2020\/04\/jms.png\",\"width\":272,\"height\":185},{\"@type\":\"BreadcrumbList\",\"@id\":\"https:\/\/nano-sense.com\/index.php\/actualites\/journee-mondiale-de-la-sante-2020-informations-et-messages-de-loms\/#breadcrumb\",\"itemListElement\":[{\"@type\":\"ListItem\",\"position\":1,\"name\":\"Accueil\",\"item\":\"https:\/\/nano-sense.com\/\"},{\"@type\":\"ListItem\",\"position\":2,\"name\":\"Journ\u00e9e mondiale de la Sant\u00e9 2020 : informations et messages de l&rsquo;OMS\"}]},{\"@type\":\"WebSite\",\"@id\":\"https:\/\/nano-sense.com\/#website\",\"url\":\"https:\/\/nano-sense.com\/\",\"name\":\"NanoSense\",\"description\":\"Just another Astra Starter Templates site\",\"publisher\":{\"@id\":\"https:\/\/nano-sense.com\/#\/schema\/person\/5df3fcb722c51e50b72365ebb0881502\"},\"potentialAction\":[{\"@type\":\"SearchAction\",\"target\":{\"@type\":\"EntryPoint\",\"urlTemplate\":\"https:\/\/nano-sense.com\/?s={search_term_string}\"},\"query-input\":{\"@type\":\"PropertyValueSpecification\",\"valueRequired\":true,\"valueName\":\"search_term_string\"}}],\"inLanguage\":\"fr-FR\"},{\"@type\":[\"Person\",\"Organization\"],\"@id\":\"https:\/\/nano-sense.com\/#\/schema\/person\/5df3fcb722c51e50b72365ebb0881502\",\"name\":\"Olivier\",\"image\":{\"@type\":\"ImageObject\",\"inLanguage\":\"fr-FR\",\"@id\":\"https:\/\/nano-sense.com\/#\/schema\/person\/image\/\",\"url\":\"https:\/\/nano-sense.com\/wp-content\/uploads\/2024\/07\/cropped-image.png\",\"contentUrl\":\"https:\/\/nano-sense.com\/wp-content\/uploads\/2024\/07\/cropped-image.png\",\"width\":542,\"height\":318,\"caption\":\"Olivier\"},\"logo\":{\"@id\":\"https:\/\/nano-sense.com\/#\/schema\/person\/image\/\"}},{\"@type\":\"Person\",\"@id\":\"https:\/\/nano-sense.com\/#\/schema\/person\/7ce14989772257a9bc76ae6bb8e03359\",\"name\":\"Olivier MARTIMORT\",\"image\":{\"@type\":\"ImageObject\",\"inLanguage\":\"fr-FR\",\"@id\":\"https:\/\/nano-sense.com\/#\/schema\/person\/image\/\",\"url\":\"https:\/\/secure.gravatar.com\/avatar\/f1786a77a1b347994c865402c260c0ef?s=96&d=mm&r=g\",\"contentUrl\":\"https:\/\/secure.gravatar.com\/avatar\/f1786a77a1b347994c865402c260c0ef?s=96&d=mm&r=g\",\"caption\":\"Olivier MARTIMORT\"},\"url\":\"https:\/\/nano-sense.com\/index.php\/author\/o1l2i3v4i5e6r7m8a9r1t2i3m4o5r6t\/\"}]}<\/script>\n<!-- \/ Yoast SEO plugin. -->","yoast_head_json":{"title":"Journ\u00e9e mondiale de la Sant\u00e9 2020 : informations et messages de l'OMS - NanoSense","description":"Sonde multi-capteurs mesure la Qualit\u00e9 de l'Air Int\u00e9rieur et contr\u00f4le la ventilation (sur demande) tout en \u00e9conomisant de l'\u00e9nergie.","robots":{"index":"index","follow":"follow","max-snippet":"max-snippet:-1","max-image-preview":"max-image-preview:large","max-video-preview":"max-video-preview:-1"},"canonical":"https:\/\/nano-sense.com\/index.php\/actualites\/journee-mondiale-de-la-sante-2020-informations-et-messages-de-loms\/","og_locale":"fr_FR","og_type":"article","og_title":"Journ\u00e9e mondiale de la Sant\u00e9 2020 : informations et messages de l'OMS - NanoSense","og_description":"Sonde multi-capteurs mesure la Qualit\u00e9 de l'Air Int\u00e9rieur et contr\u00f4le la ventilation (sur demande) tout en \u00e9conomisant de l'\u00e9nergie.","og_url":"https:\/\/nano-sense.com\/index.php\/actualites\/journee-mondiale-de-la-sante-2020-informations-et-messages-de-loms\/","og_site_name":"NanoSense","article_published_time":"2020-04-07T16:10:24+00:00","article_modified_time":"2021-05-17T14:11:24+00:00","og_image":[{"width":272,"height":185,"url":"https:\/\/nano-sense.com\/wp-content\/uploads\/2020\/04\/jms.png","type":"image\/png"}],"author":"Olivier MARTIMORT","twitter_card":"summary_large_image","twitter_misc":{"\u00c9crit par":"Olivier MARTIMORT","Dur\u00e9e de lecture estim\u00e9e":"3 minutes"},"schema":{"@context":"https:\/\/schema.org","@graph":[{"@type":"Article","@id":"https:\/\/nano-sense.com\/index.php\/actualites\/journee-mondiale-de-la-sante-2020-informations-et-messages-de-loms\/#article","isPartOf":{"@id":"https:\/\/nano-sense.com\/index.php\/actualites\/journee-mondiale-de-la-sante-2020-informations-et-messages-de-loms\/"},"author":{"name":"Olivier MARTIMORT","@id":"https:\/\/nano-sense.com\/#\/schema\/person\/7ce14989772257a9bc76ae6bb8e03359"},"headline":"Journ\u00e9e mondiale de la Sant\u00e9 2020 : informations et messages de l&rsquo;OMS","datePublished":"2020-04-07T16:10:24+00:00","dateModified":"2021-05-17T14:11:24+00:00","mainEntityOfPage":{"@id":"https:\/\/nano-sense.com\/index.php\/actualites\/journee-mondiale-de-la-sante-2020-informations-et-messages-de-loms\/"},"wordCount":597,"publisher":{"@id":"https:\/\/nano-sense.com\/#\/schema\/person\/5df3fcb722c51e50b72365ebb0881502"},"image":{"@id":"https:\/\/nano-sense.com\/index.php\/actualites\/journee-mondiale-de-la-sante-2020-informations-et-messages-de-loms\/#primaryimage"},"thumbnailUrl":"https:\/\/nano-sense.com\/wp-content\/uploads\/2020\/04\/jms.png","articleSection":["Actualit\u00e9s"],"inLanguage":"fr-FR"},{"@type":"WebPage","@id":"https:\/\/nano-sense.com\/index.php\/actualites\/journee-mondiale-de-la-sante-2020-informations-et-messages-de-loms\/","url":"https:\/\/nano-sense.com\/index.php\/actualites\/journee-mondiale-de-la-sante-2020-informations-et-messages-de-loms\/","name":"Journ\u00e9e mondiale de la Sant\u00e9 2020 : informations et messages de l'OMS - NanoSense","isPartOf":{"@id":"https:\/\/nano-sense.com\/#website"},"primaryImageOfPage":{"@id":"https:\/\/nano-sense.com\/index.php\/actualites\/journee-mondiale-de-la-sante-2020-informations-et-messages-de-loms\/#primaryimage"},"image":{"@id":"https:\/\/nano-sense.com\/index.php\/actualites\/journee-mondiale-de-la-sante-2020-informations-et-messages-de-loms\/#primaryimage"},"thumbnailUrl":"https:\/\/nano-sense.com\/wp-content\/uploads\/2020\/04\/jms.png","datePublished":"2020-04-07T16:10:24+00:00","dateModified":"2021-05-17T14:11:24+00:00","description":"Sonde multi-capteurs mesure la Qualit\u00e9 de l'Air Int\u00e9rieur et contr\u00f4le la ventilation (sur demande) tout en \u00e9conomisant de l'\u00e9nergie.","breadcrumb":{"@id":"https:\/\/nano-sense.com\/index.php\/actualites\/journee-mondiale-de-la-sante-2020-informations-et-messages-de-loms\/#breadcrumb"},"inLanguage":"fr-FR","potentialAction":[{"@type":"ReadAction","target":["https:\/\/nano-sense.com\/index.php\/actualites\/journee-mondiale-de-la-sante-2020-informations-et-messages-de-loms\/"]}]},{"@type":"ImageObject","inLanguage":"fr-FR","@id":"https:\/\/nano-sense.com\/index.php\/actualites\/journee-mondiale-de-la-sante-2020-informations-et-messages-de-loms\/#primaryimage","url":"https:\/\/nano-sense.com\/wp-content\/uploads\/2020\/04\/jms.png","contentUrl":"https:\/\/nano-sense.com\/wp-content\/uploads\/2020\/04\/jms.png","width":272,"height":185},{"@type":"BreadcrumbList","@id":"https:\/\/nano-sense.com\/index.php\/actualites\/journee-mondiale-de-la-sante-2020-informations-et-messages-de-loms\/#breadcrumb","itemListElement":[{"@type":"ListItem","position":1,"name":"Accueil","item":"https:\/\/nano-sense.com\/"},{"@type":"ListItem","position":2,"name":"Journ\u00e9e mondiale de la Sant\u00e9 2020 : informations et messages de l&rsquo;OMS"}]},{"@type":"WebSite","@id":"https:\/\/nano-sense.com\/#website","url":"https:\/\/nano-sense.com\/","name":"NanoSense","description":"Just another Astra Starter Templates site","publisher":{"@id":"https:\/\/nano-sense.com\/#\/schema\/person\/5df3fcb722c51e50b72365ebb0881502"},"potentialAction":[{"@type":"SearchAction","target":{"@type":"EntryPoint","urlTemplate":"https:\/\/nano-sense.com\/?s={search_term_string}"},"query-input":{"@type":"PropertyValueSpecification","valueRequired":true,"valueName":"search_term_string"}}],"inLanguage":"fr-FR"},{"@type":["Person","Organization"],"@id":"https:\/\/nano-sense.com\/#\/schema\/person\/5df3fcb722c51e50b72365ebb0881502","name":"Olivier","image":{"@type":"ImageObject","inLanguage":"fr-FR","@id":"https:\/\/nano-sense.com\/#\/schema\/person\/image\/","url":"https:\/\/nano-sense.com\/wp-content\/uploads\/2024\/07\/cropped-image.png","contentUrl":"https:\/\/nano-sense.com\/wp-content\/uploads\/2024\/07\/cropped-image.png","width":542,"height":318,"caption":"Olivier"},"logo":{"@id":"https:\/\/nano-sense.com\/#\/schema\/person\/image\/"}},{"@type":"Person","@id":"https:\/\/nano-sense.com\/#\/schema\/person\/7ce14989772257a9bc76ae6bb8e03359","name":"Olivier MARTIMORT","image":{"@type":"ImageObject","inLanguage":"fr-FR","@id":"https:\/\/nano-sense.com\/#\/schema\/person\/image\/","url":"https:\/\/secure.gravatar.com\/avatar\/f1786a77a1b347994c865402c260c0ef?s=96&d=mm&r=g","contentUrl":"https:\/\/secure.gravatar.com\/avatar\/f1786a77a1b347994c865402c260c0ef?s=96&d=mm&r=g","caption":"Olivier MARTIMORT"},"url":"https:\/\/nano-sense.com\/index.php\/author\/o1l2i3v4i5e6r7m8a9r1t2i3m4o5r6t\/"}]}},"_links":{"self":[{"href":"https:\/\/nano-sense.com\/index.php\/wp-json\/wp\/v2\/posts\/5728"}],"collection":[{"href":"https:\/\/nano-sense.com\/index.php\/wp-json\/wp\/v2\/posts"}],"about":[{"href":"https:\/\/nano-sense.com\/index.php\/wp-json\/wp\/v2\/types\/post"}],"author":[{"embeddable":true,"href":"https:\/\/nano-sense.com\/index.php\/wp-json\/wp\/v2\/users\/2"}],"replies":[{"embeddable":true,"href":"https:\/\/nano-sense.com\/index.php\/wp-json\/wp\/v2\/comments?post=5728"}],"version-history":[{"count":0,"href":"https:\/\/nano-sense.com\/index.php\/wp-json\/wp\/v2\/posts\/5728\/revisions"}],"wp:featuredmedia":[{"embeddable":true,"href":"https:\/\/nano-sense.com\/index.php\/wp-json\/wp\/v2\/media\/7488"}],"wp:attachment":[{"href":"https:\/\/nano-sense.com\/index.php\/wp-json\/wp\/v2\/media?parent=5728"}],"wp:term":[{"taxonomy":"category","embeddable":true,"href":"https:\/\/nano-sense.com\/index.php\/wp-json\/wp\/v2\/categories?post=5728"},{"taxonomy":"post_tag","embeddable":true,"href":"https:\/\/nano-sense.com\/index.php\/wp-json\/wp\/v2\/tags?post=5728"}],"curies":[{"name":"wp","href":"https:\/\/api.w.org\/{rel}","templated":true}]}}