{"id":3568,"date":"2019-03-26T19:29:34","date_gmt":"2019-03-26T18:29:34","guid":{"rendered":"http:\/\/nano-sense.com\/?p=3568"},"modified":"2021-05-18T15:47:30","modified_gmt":"2021-05-18T13:47:30","slug":"la-qualite-de-lair-dans-les-ecoles","status":"publish","type":"post","link":"https:\/\/nano-sense.com\/index.php\/dossiers-thematiques\/la-qualite-de-lair-dans-les-ecoles\/","title":{"rendered":"La Qualit\u00e9 de l&rsquo;Air dans les Ecoles"},"content":{"rendered":"\t\t<div data-elementor-type=\"wp-post\" data-elementor-id=\"3568\" class=\"elementor elementor-3568\" data-elementor-post-type=\"post\">\n\t\t\t\t\t\t<section class=\"elementor-section elementor-top-section elementor-element elementor-element-46dc5ced elementor-section-boxed elementor-section-height-default elementor-section-height-default\" data-id=\"46dc5ced\" data-element_type=\"section\">\n\t\t\t\t\t\t<div class=\"elementor-container elementor-column-gap-default\">\n\t\t\t\t\t<div class=\"elementor-column elementor-col-100 elementor-top-column elementor-element elementor-element-1c942b4a\" data-id=\"1c942b4a\" data-element_type=\"column\">\n\t\t\t<div class=\"elementor-widget-wrap elementor-element-populated\">\n\t\t\t\t\t\t<div class=\"elementor-element elementor-element-7af4a88 elementor-widget elementor-widget-text-editor\" data-id=\"7af4a88\" data-element_type=\"widget\" data-widget_type=\"text-editor.default\">\n\t\t\t\t<div class=\"elementor-widget-container\">\n\t\t\t\t\t\t\t\t\t<p><img fetchpriority=\"high\" decoding=\"async\" class=\" wp-image-4375 aligncenter\" src=\"https:\/\/nano-sense.com\/wp-content\/uploads\/2019\/03\/2019-07-08-Front-Guide-QAI-300x218.png\" alt=\"\" width=\"263\" height=\"191\" srcset=\"https:\/\/nano-sense.com\/wp-content\/uploads\/2019\/03\/2019-07-08-Front-Guide-QAI-300x218.png 300w, https:\/\/nano-sense.com\/wp-content\/uploads\/2019\/03\/2019-07-08-Front-Guide-QAI-600x436.png 600w, https:\/\/nano-sense.com\/wp-content\/uploads\/2019\/03\/2019-07-08-Front-Guide-QAI-768x559.png 768w, https:\/\/nano-sense.com\/wp-content\/uploads\/2019\/03\/2019-07-08-Front-Guide-QAI.png 873w\" sizes=\"(max-width: 263px) 100vw, 263px\" \/><\/p><p style=\"text-align: left;\">Nanosense met \u00e0 disposition son Petit Guide de la Qualit\u00e9 de l&rsquo;Air Int\u00e9rieur dans les \u00e9coles suite \u00e0 la nouvelle r\u00e9glementation de la loi grenelle II applicable d\u00e8s janvier 2018. Il a pour but de vous r\u00e9sumer les actions \u00e0 effectuer dans les ERP concern\u00e9s et de vous proposer des solutions compl\u00e8tes \u00e0 prix r\u00e9duits.<\/p><p style=\"text-align: center;\"><span style=\"text-decoration: underline;\"><strong><span style=\"color: #248cb5;\"><a style=\"color: #248cb5; text-decoration: underline;\" href=\"https:\/\/nano-sense.com\/wp-content\/uploads\/2016\/11\/Guide-NanoSense-QAI-pour-les-Ecoles-web.pdf\">Le Guide NanoSense de la Qualit\u00e9 de l&rsquo;Air Int\u00e9rieur pour les Ecoles<\/a><\/span><\/strong><\/span><\/p><p style=\"text-align: center;\"><a href=\"https:\/\/nano-sense.com\/wp-content\/uploads\/2016\/11\/Guide-NanoSense-QAI-pour-les-Ecoles-web.pdf\"><img decoding=\"async\" class=\"size-medium wp-image-4376 aligncenter\" src=\"https:\/\/nano-sense.com\/wp-content\/uploads\/2019\/03\/2019-07-08-Front-Guide-QAI-02-260x300.png\" alt=\"\" width=\"260\" height=\"300\" srcset=\"https:\/\/nano-sense.com\/wp-content\/uploads\/2019\/03\/2019-07-08-Front-Guide-QAI-02-260x300.png 260w, https:\/\/nano-sense.com\/wp-content\/uploads\/2019\/03\/2019-07-08-Front-Guide-QAI-02-600x691.png 600w, https:\/\/nano-sense.com\/wp-content\/uploads\/2019\/03\/2019-07-08-Front-Guide-QAI-02.png 623w\" sizes=\"(max-width: 260px) 100vw, 260px\" \/><\/a><\/p>\t\t\t\t\t\t\t\t<\/div>\n\t\t\t\t<\/div>\n\t\t\t\t\t<\/div>\n\t\t<\/div>\n\t\t\t\t\t<\/div>\n\t\t<\/section>\n\t\t\t\t<\/div>\n\t\t","protected":false},"excerpt":{"rendered":"<p>Nanosense met \u00e0 disposition son Petit Guide de la Qualit\u00e9 de l&rsquo;Air Int\u00e9rieur dans les \u00e9coles suite \u00e0 la nouvelle r\u00e9glementation de la loi grenelle II applicable d\u00e8s janvier 2018. Il a pour but de vous r\u00e9sumer les actions \u00e0 effectuer dans les ERP concern\u00e9s et de vous proposer des solutions compl\u00e8tes \u00e0 prix r\u00e9duits.<\/p>\n","protected":false},"author":2,"featured_media":7598,"comment_status":"closed","ping_status":"open","sticky":false,"template":"","format":"standard","meta":{"_uf_show_specific_survey":0,"_uf_disable_surveys":false,"footnotes":"","_wp_rev_ctl_limit":""},"categories":[155],"tags":[],"class_list":["post-3568","post","type-post","status-publish","format-standard","has-post-thumbnail","hentry","category-dossiers-thematiques","entry","has-media"],"aioseo_notices":[],"yoast_head":"<!-- This site is optimized with the Yoast SEO plugin v25.6 - https:\/\/yoast.com\/wordpress\/plugins\/seo\/ -->\n<title>La Qualit\u00e9 de l&#039;Air dans les Ecoles - NanoSense<\/title>\n<meta name=\"description\" content=\"Sonde multi-capteurs mesure la Qualit\u00e9 de l&#039;Air Int\u00e9rieur et contr\u00f4le la ventilation (sur demande) tout en \u00e9conomisant de l&#039;\u00e9nergie.\" \/>\n<meta name=\"robots\" content=\"index, follow, max-snippet:-1, max-image-preview:large, max-video-preview:-1\" \/>\n<link rel=\"canonical\" href=\"https:\/\/nano-sense.com\/index.php\/dossiers-thematiques\/la-qualite-de-lair-dans-les-ecoles\/\" \/>\n<meta property=\"og:locale\" content=\"fr_FR\" \/>\n<meta property=\"og:type\" content=\"article\" \/>\n<meta property=\"og:title\" content=\"La Qualit\u00e9 de l&#039;Air dans les Ecoles - NanoSense\" \/>\n<meta property=\"og:description\" content=\"Sonde multi-capteurs mesure la Qualit\u00e9 de l&#039;Air Int\u00e9rieur et contr\u00f4le la ventilation (sur demande) tout en \u00e9conomisant de l&#039;\u00e9nergie.\" \/>\n<meta property=\"og:url\" content=\"https:\/\/nano-sense.com\/index.php\/dossiers-thematiques\/la-qualite-de-lair-dans-les-ecoles\/\" \/>\n<meta property=\"og:site_name\" content=\"NanoSense\" \/>\n<meta property=\"article:published_time\" content=\"2019-03-26T18:29:34+00:00\" \/>\n<meta property=\"article:modified_time\" content=\"2021-05-18T13:47:30+00:00\" \/>\n<meta property=\"og:image\" content=\"https:\/\/nano-sense.com\/wp-content\/uploads\/2019\/03\/NS-PandO2-Ecoles-ERP-000-768x512.png\" \/>\n\t<meta property=\"og:image:width\" content=\"768\" \/>\n\t<meta property=\"og:image:height\" content=\"512\" \/>\n\t<meta property=\"og:image:type\" content=\"image\/png\" \/>\n<meta name=\"author\" content=\"Olivier MARTIMORT\" \/>\n<meta name=\"twitter:card\" content=\"summary_large_image\" \/>\n<meta name=\"twitter:label1\" content=\"\u00c9crit par\" \/>\n\t<meta name=\"twitter:data1\" content=\"Olivier MARTIMORT\" \/>\n<script type=\"application\/ld+json\" class=\"yoast-schema-graph\">{\"@context\":\"https:\/\/schema.org\",\"@graph\":[{\"@type\":\"Article\",\"@id\":\"https:\/\/nano-sense.com\/index.php\/dossiers-thematiques\/la-qualite-de-lair-dans-les-ecoles\/#article\",\"isPartOf\":{\"@id\":\"https:\/\/nano-sense.com\/index.php\/dossiers-thematiques\/la-qualite-de-lair-dans-les-ecoles\/\"},\"author\":{\"name\":\"Olivier MARTIMORT\",\"@id\":\"https:\/\/nano-sense.com\/#\/schema\/person\/7ce14989772257a9bc76ae6bb8e03359\"},\"headline\":\"La Qualit\u00e9 de l&rsquo;Air dans les Ecoles\",\"datePublished\":\"2019-03-26T18:29:34+00:00\",\"dateModified\":\"2021-05-18T13:47:30+00:00\",\"mainEntityOfPage\":{\"@id\":\"https:\/\/nano-sense.com\/index.php\/dossiers-thematiques\/la-qualite-de-lair-dans-les-ecoles\/\"},\"wordCount\":77,\"publisher\":{\"@id\":\"https:\/\/nano-sense.com\/#\/schema\/person\/5df3fcb722c51e50b72365ebb0881502\"},\"image\":{\"@id\":\"https:\/\/nano-sense.com\/index.php\/dossiers-thematiques\/la-qualite-de-lair-dans-les-ecoles\/#primaryimage\"},\"thumbnailUrl\":\"https:\/\/nano-sense.com\/wp-content\/uploads\/2019\/03\/NS-PandO2-Ecoles-ERP-000.png\",\"articleSection\":[\"Dossiers Th\u00e9matiques\"],\"inLanguage\":\"fr-FR\"},{\"@type\":\"WebPage\",\"@id\":\"https:\/\/nano-sense.com\/index.php\/dossiers-thematiques\/la-qualite-de-lair-dans-les-ecoles\/\",\"url\":\"https:\/\/nano-sense.com\/index.php\/dossiers-thematiques\/la-qualite-de-lair-dans-les-ecoles\/\",\"name\":\"La Qualit\u00e9 de l'Air dans les Ecoles - NanoSense\",\"isPartOf\":{\"@id\":\"https:\/\/nano-sense.com\/#website\"},\"primaryImageOfPage\":{\"@id\":\"https:\/\/nano-sense.com\/index.php\/dossiers-thematiques\/la-qualite-de-lair-dans-les-ecoles\/#primaryimage\"},\"image\":{\"@id\":\"https:\/\/nano-sense.com\/index.php\/dossiers-thematiques\/la-qualite-de-lair-dans-les-ecoles\/#primaryimage\"},\"thumbnailUrl\":\"https:\/\/nano-sense.com\/wp-content\/uploads\/2019\/03\/NS-PandO2-Ecoles-ERP-000.png\",\"datePublished\":\"2019-03-26T18:29:34+00:00\",\"dateModified\":\"2021-05-18T13:47:30+00:00\",\"description\":\"Sonde multi-capteurs mesure la Qualit\u00e9 de l'Air Int\u00e9rieur et contr\u00f4le la ventilation (sur demande) tout en \u00e9conomisant de l'\u00e9nergie.\",\"breadcrumb\":{\"@id\":\"https:\/\/nano-sense.com\/index.php\/dossiers-thematiques\/la-qualite-de-lair-dans-les-ecoles\/#breadcrumb\"},\"inLanguage\":\"fr-FR\",\"potentialAction\":[{\"@type\":\"ReadAction\",\"target\":[\"https:\/\/nano-sense.com\/index.php\/dossiers-thematiques\/la-qualite-de-lair-dans-les-ecoles\/\"]}]},{\"@type\":\"ImageObject\",\"inLanguage\":\"fr-FR\",\"@id\":\"https:\/\/nano-sense.com\/index.php\/dossiers-thematiques\/la-qualite-de-lair-dans-les-ecoles\/#primaryimage\",\"url\":\"https:\/\/nano-sense.com\/wp-content\/uploads\/2019\/03\/NS-PandO2-Ecoles-ERP-000.png\",\"contentUrl\":\"https:\/\/nano-sense.com\/wp-content\/uploads\/2019\/03\/NS-PandO2-Ecoles-ERP-000.png\",\"width\":992,\"height\":661},{\"@type\":\"BreadcrumbList\",\"@id\":\"https:\/\/nano-sense.com\/index.php\/dossiers-thematiques\/la-qualite-de-lair-dans-les-ecoles\/#breadcrumb\",\"itemListElement\":[{\"@type\":\"ListItem\",\"position\":1,\"name\":\"Accueil\",\"item\":\"https:\/\/nano-sense.com\/\"},{\"@type\":\"ListItem\",\"position\":2,\"name\":\"La Qualit\u00e9 de l&rsquo;Air dans les Ecoles\"}]},{\"@type\":\"WebSite\",\"@id\":\"https:\/\/nano-sense.com\/#website\",\"url\":\"https:\/\/nano-sense.com\/\",\"name\":\"NanoSense\",\"description\":\"Just another Astra Starter Templates site\",\"publisher\":{\"@id\":\"https:\/\/nano-sense.com\/#\/schema\/person\/5df3fcb722c51e50b72365ebb0881502\"},\"potentialAction\":[{\"@type\":\"SearchAction\",\"target\":{\"@type\":\"EntryPoint\",\"urlTemplate\":\"https:\/\/nano-sense.com\/?s={search_term_string}\"},\"query-input\":{\"@type\":\"PropertyValueSpecification\",\"valueRequired\":true,\"valueName\":\"search_term_string\"}}],\"inLanguage\":\"fr-FR\"},{\"@type\":[\"Person\",\"Organization\"],\"@id\":\"https:\/\/nano-sense.com\/#\/schema\/person\/5df3fcb722c51e50b72365ebb0881502\",\"name\":\"Olivier\",\"image\":{\"@type\":\"ImageObject\",\"inLanguage\":\"fr-FR\",\"@id\":\"https:\/\/nano-sense.com\/#\/schema\/person\/image\/\",\"url\":\"https:\/\/nano-sense.com\/wp-content\/uploads\/2024\/07\/cropped-image.png\",\"contentUrl\":\"https:\/\/nano-sense.com\/wp-content\/uploads\/2024\/07\/cropped-image.png\",\"width\":542,\"height\":318,\"caption\":\"Olivier\"},\"logo\":{\"@id\":\"https:\/\/nano-sense.com\/#\/schema\/person\/image\/\"}},{\"@type\":\"Person\",\"@id\":\"https:\/\/nano-sense.com\/#\/schema\/person\/7ce14989772257a9bc76ae6bb8e03359\",\"name\":\"Olivier MARTIMORT\",\"image\":{\"@type\":\"ImageObject\",\"inLanguage\":\"fr-FR\",\"@id\":\"https:\/\/nano-sense.com\/#\/schema\/person\/image\/\",\"url\":\"https:\/\/secure.gravatar.com\/avatar\/f1786a77a1b347994c865402c260c0ef?s=96&d=mm&r=g\",\"contentUrl\":\"https:\/\/secure.gravatar.com\/avatar\/f1786a77a1b347994c865402c260c0ef?s=96&d=mm&r=g\",\"caption\":\"Olivier MARTIMORT\"},\"url\":\"https:\/\/nano-sense.com\/index.php\/author\/o1l2i3v4i5e6r7m8a9r1t2i3m4o5r6t\/\"}]}<\/script>\n<!-- \/ Yoast SEO plugin. -->","yoast_head_json":{"title":"La Qualit\u00e9 de l'Air dans les Ecoles - NanoSense","description":"Sonde multi-capteurs mesure la Qualit\u00e9 de l'Air Int\u00e9rieur et contr\u00f4le la ventilation (sur demande) tout en \u00e9conomisant de l'\u00e9nergie.","robots":{"index":"index","follow":"follow","max-snippet":"max-snippet:-1","max-image-preview":"max-image-preview:large","max-video-preview":"max-video-preview:-1"},"canonical":"https:\/\/nano-sense.com\/index.php\/dossiers-thematiques\/la-qualite-de-lair-dans-les-ecoles\/","og_locale":"fr_FR","og_type":"article","og_title":"La Qualit\u00e9 de l'Air dans les Ecoles - NanoSense","og_description":"Sonde multi-capteurs mesure la Qualit\u00e9 de l'Air Int\u00e9rieur et contr\u00f4le la ventilation (sur demande) tout en \u00e9conomisant de l'\u00e9nergie.","og_url":"https:\/\/nano-sense.com\/index.php\/dossiers-thematiques\/la-qualite-de-lair-dans-les-ecoles\/","og_site_name":"NanoSense","article_published_time":"2019-03-26T18:29:34+00:00","article_modified_time":"2021-05-18T13:47:30+00:00","og_image":[{"width":768,"height":512,"url":"https:\/\/nano-sense.com\/wp-content\/uploads\/2019\/03\/NS-PandO2-Ecoles-ERP-000-768x512.png","type":"image\/png"}],"author":"Olivier MARTIMORT","twitter_card":"summary_large_image","twitter_misc":{"\u00c9crit par":"Olivier MARTIMORT"},"schema":{"@context":"https:\/\/schema.org","@graph":[{"@type":"Article","@id":"https:\/\/nano-sense.com\/index.php\/dossiers-thematiques\/la-qualite-de-lair-dans-les-ecoles\/#article","isPartOf":{"@id":"https:\/\/nano-sense.com\/index.php\/dossiers-thematiques\/la-qualite-de-lair-dans-les-ecoles\/"},"author":{"name":"Olivier MARTIMORT","@id":"https:\/\/nano-sense.com\/#\/schema\/person\/7ce14989772257a9bc76ae6bb8e03359"},"headline":"La Qualit\u00e9 de l&rsquo;Air dans les Ecoles","datePublished":"2019-03-26T18:29:34+00:00","dateModified":"2021-05-18T13:47:30+00:00","mainEntityOfPage":{"@id":"https:\/\/nano-sense.com\/index.php\/dossiers-thematiques\/la-qualite-de-lair-dans-les-ecoles\/"},"wordCount":77,"publisher":{"@id":"https:\/\/nano-sense.com\/#\/schema\/person\/5df3fcb722c51e50b72365ebb0881502"},"image":{"@id":"https:\/\/nano-sense.com\/index.php\/dossiers-thematiques\/la-qualite-de-lair-dans-les-ecoles\/#primaryimage"},"thumbnailUrl":"https:\/\/nano-sense.com\/wp-content\/uploads\/2019\/03\/NS-PandO2-Ecoles-ERP-000.png","articleSection":["Dossiers Th\u00e9matiques"],"inLanguage":"fr-FR"},{"@type":"WebPage","@id":"https:\/\/nano-sense.com\/index.php\/dossiers-thematiques\/la-qualite-de-lair-dans-les-ecoles\/","url":"https:\/\/nano-sense.com\/index.php\/dossiers-thematiques\/la-qualite-de-lair-dans-les-ecoles\/","name":"La Qualit\u00e9 de l'Air dans les Ecoles - NanoSense","isPartOf":{"@id":"https:\/\/nano-sense.com\/#website"},"primaryImageOfPage":{"@id":"https:\/\/nano-sense.com\/index.php\/dossiers-thematiques\/la-qualite-de-lair-dans-les-ecoles\/#primaryimage"},"image":{"@id":"https:\/\/nano-sense.com\/index.php\/dossiers-thematiques\/la-qualite-de-lair-dans-les-ecoles\/#primaryimage"},"thumbnailUrl":"https:\/\/nano-sense.com\/wp-content\/uploads\/2019\/03\/NS-PandO2-Ecoles-ERP-000.png","datePublished":"2019-03-26T18:29:34+00:00","dateModified":"2021-05-18T13:47:30+00:00","description":"Sonde multi-capteurs mesure la Qualit\u00e9 de l'Air Int\u00e9rieur et contr\u00f4le la ventilation (sur demande) tout en \u00e9conomisant de l'\u00e9nergie.","breadcrumb":{"@id":"https:\/\/nano-sense.com\/index.php\/dossiers-thematiques\/la-qualite-de-lair-dans-les-ecoles\/#breadcrumb"},"inLanguage":"fr-FR","potentialAction":[{"@type":"ReadAction","target":["https:\/\/nano-sense.com\/index.php\/dossiers-thematiques\/la-qualite-de-lair-dans-les-ecoles\/"]}]},{"@type":"ImageObject","inLanguage":"fr-FR","@id":"https:\/\/nano-sense.com\/index.php\/dossiers-thematiques\/la-qualite-de-lair-dans-les-ecoles\/#primaryimage","url":"https:\/\/nano-sense.com\/wp-content\/uploads\/2019\/03\/NS-PandO2-Ecoles-ERP-000.png","contentUrl":"https:\/\/nano-sense.com\/wp-content\/uploads\/2019\/03\/NS-PandO2-Ecoles-ERP-000.png","width":992,"height":661},{"@type":"BreadcrumbList","@id":"https:\/\/nano-sense.com\/index.php\/dossiers-thematiques\/la-qualite-de-lair-dans-les-ecoles\/#breadcrumb","itemListElement":[{"@type":"ListItem","position":1,"name":"Accueil","item":"https:\/\/nano-sense.com\/"},{"@type":"ListItem","position":2,"name":"La Qualit\u00e9 de l&rsquo;Air dans les Ecoles"}]},{"@type":"WebSite","@id":"https:\/\/nano-sense.com\/#website","url":"https:\/\/nano-sense.com\/","name":"NanoSense","description":"Just another Astra Starter Templates site","publisher":{"@id":"https:\/\/nano-sense.com\/#\/schema\/person\/5df3fcb722c51e50b72365ebb0881502"},"potentialAction":[{"@type":"SearchAction","target":{"@type":"EntryPoint","urlTemplate":"https:\/\/nano-sense.com\/?s={search_term_string}"},"query-input":{"@type":"PropertyValueSpecification","valueRequired":true,"valueName":"search_term_string"}}],"inLanguage":"fr-FR"},{"@type":["Person","Organization"],"@id":"https:\/\/nano-sense.com\/#\/schema\/person\/5df3fcb722c51e50b72365ebb0881502","name":"Olivier","image":{"@type":"ImageObject","inLanguage":"fr-FR","@id":"https:\/\/nano-sense.com\/#\/schema\/person\/image\/","url":"https:\/\/nano-sense.com\/wp-content\/uploads\/2024\/07\/cropped-image.png","contentUrl":"https:\/\/nano-sense.com\/wp-content\/uploads\/2024\/07\/cropped-image.png","width":542,"height":318,"caption":"Olivier"},"logo":{"@id":"https:\/\/nano-sense.com\/#\/schema\/person\/image\/"}},{"@type":"Person","@id":"https:\/\/nano-sense.com\/#\/schema\/person\/7ce14989772257a9bc76ae6bb8e03359","name":"Olivier MARTIMORT","image":{"@type":"ImageObject","inLanguage":"fr-FR","@id":"https:\/\/nano-sense.com\/#\/schema\/person\/image\/","url":"https:\/\/secure.gravatar.com\/avatar\/f1786a77a1b347994c865402c260c0ef?s=96&d=mm&r=g","contentUrl":"https:\/\/secure.gravatar.com\/avatar\/f1786a77a1b347994c865402c260c0ef?s=96&d=mm&r=g","caption":"Olivier MARTIMORT"},"url":"https:\/\/nano-sense.com\/index.php\/author\/o1l2i3v4i5e6r7m8a9r1t2i3m4o5r6t\/"}]}},"_links":{"self":[{"href":"https:\/\/nano-sense.com\/index.php\/wp-json\/wp\/v2\/posts\/3568"}],"collection":[{"href":"https:\/\/nano-sense.com\/index.php\/wp-json\/wp\/v2\/posts"}],"about":[{"href":"https:\/\/nano-sense.com\/index.php\/wp-json\/wp\/v2\/types\/post"}],"author":[{"embeddable":true,"href":"https:\/\/nano-sense.com\/index.php\/wp-json\/wp\/v2\/users\/2"}],"replies":[{"embeddable":true,"href":"https:\/\/nano-sense.com\/index.php\/wp-json\/wp\/v2\/comments?post=3568"}],"version-history":[{"count":0,"href":"https:\/\/nano-sense.com\/index.php\/wp-json\/wp\/v2\/posts\/3568\/revisions"}],"wp:featuredmedia":[{"embeddable":true,"href":"https:\/\/nano-sense.com\/index.php\/wp-json\/wp\/v2\/media\/7598"}],"wp:attachment":[{"href":"https:\/\/nano-sense.com\/index.php\/wp-json\/wp\/v2\/media?parent=3568"}],"wp:term":[{"taxonomy":"category","embeddable":true,"href":"https:\/\/nano-sense.com\/index.php\/wp-json\/wp\/v2\/categories?post=3568"},{"taxonomy":"post_tag","embeddable":true,"href":"https:\/\/nano-sense.com\/index.php\/wp-json\/wp\/v2\/tags?post=3568"}],"curies":[{"name":"wp","href":"https:\/\/api.w.org\/{rel}","templated":true}]}}