{"id":16715,"date":"2024-08-29T14:58:16","date_gmt":"2024-08-29T12:58:16","guid":{"rendered":"https:\/\/nano-sense.com\/?p=16715"},"modified":"2024-09-02T15:07:59","modified_gmt":"2024-09-02T13:07:59","slug":"loi-elan-efficacite-energetique-qualite-air-interieur","status":"publish","type":"post","link":"https:\/\/nano-sense.com\/index.php\/actualites\/loi-elan-efficacite-energetique-qualite-air-interieur\/","title":{"rendered":"LOI ELAN : Efficacit\u00e9 \u00c9nerg\u00e9tique et Qualit\u00e9 de l&rsquo;Air Int\u00e9rieur."},"content":{"rendered":"\n<p class=\"has-black-color has-text-color has-link-color has-medium-font-size wp-elements-092605faa85a82d655cb6f6b9e60c484\">La <strong><a href=\"https:\/\/www.ecologie.gouv.fr\/politiques-publiques\/loi-portant-evolution-du-logement-lamenagement-du-numerique-elan\">loi ELAN<\/a><\/strong>, ou loi \u00c9volution du Logement, de l&rsquo;Am\u00e9nagement et du Num\u00e9rique, adopt\u00e9e en novembre 2018, constitue une avanc\u00e9e majeure pour le secteur immobilier en France. La Loi ELAN vise non seulement \u00e0 r\u00e9pondre aux d\u00e9fis du logement et de l&rsquo;urbanisme, mais aussi \u00e0 int\u00e9grer des exigences environnementales strictes, en particulier en mati\u00e8re <strong>d&rsquo;efficacit\u00e9 \u00e9nerg\u00e9tique<\/strong> et de <strong>qualit\u00e9 de l&rsquo;air int\u00e9rieur (QAI)<\/strong>. Cette double approche permet de cr\u00e9er des b\u00e2timents plus durables, \u00e0 la fois respectueux de la sant\u00e9 des occupants et \u00e9conomes en \u00e9nergie.<\/p>\n\n\n\n<h2 class=\"wp-block-heading has-text-color has-link-color has-medium-font-size wp-elements-e919e8ce99ee150445d9172886cd76ae\" style=\"color:#4dc4f3\"><strong>Efficacit\u00e9 \u00c9nerg\u00e9tique : Une Priorit\u00e9 de la Loi ELAN<\/strong><\/h2>\n\n\n\n<p class=\"has-black-color has-text-color has-link-color has-medium-font-size wp-elements-c4f3088c4d28fc163a1cf5c666209d82\">L&rsquo;un des principaux objectifs de la loi ELAN est de r\u00e9duire la consommation \u00e9nerg\u00e9tique des b\u00e2timents existants et de favoriser la construction de logements \u00e0 haute performance \u00e9nerg\u00e9tique. Elle impose des r\u00e9ductions progressives de la consommation d&rsquo;\u00e9nergie pour les b\u00e2timents tertiaires de plus de 1 000 m\u00b2 :<\/p>\n\n\n\n<div class=\"wp-block-media-text has-media-on-the-right is-stacked-on-mobile is-image-fill has-black-color has-text-color has-link-color wp-elements-f8757633c7b302efd50476e1ba1657a2\" style=\"grid-template-columns:auto 60%\"><div class=\"wp-block-media-text__content\">\n<ul class=\"wp-block-list has-medium-font-size\">\n<li class=\"has-medium-font-size\"><strong>40 % d\u2019ici 2030<\/strong><\/li>\n\n\n\n<li class=\"has-medium-font-size\"><strong>50 % d\u2019ici 2040<\/strong><\/li>\n\n\n\n<li class=\"has-medium-font-size\"><strong>60 % d\u2019ici 2050<\/strong><\/li>\n<\/ul>\n<\/div><figure class=\"wp-block-media-text__media\" style=\"background-image:url(https:\/\/nano-sense.com\/wp-content\/uploads\/2024\/08\/Image1.png);background-position:50% 50%\"><img fetchpriority=\"high\" decoding=\"async\" width=\"351\" height=\"163\" src=\"https:\/\/nano-sense.com\/wp-content\/uploads\/2024\/08\/Image1.png\" alt=\"Loi ELAN efficacit\u00e9 \u00e9nerg\u00e9tique qualit\u00e9 de l'air int\u00e9rieur\" class=\"wp-image-16717 size-full\" srcset=\"https:\/\/nano-sense.com\/wp-content\/uploads\/2024\/08\/Image1.png 351w, https:\/\/nano-sense.com\/wp-content\/uploads\/2024\/08\/Image1-300x139.png 300w\" sizes=\"(max-width: 351px) 100vw, 351px\" \/><\/figure><\/div>\n\n\n\n<p class=\"has-black-color has-text-color has-link-color has-medium-font-size wp-elements-40ed1ddc28c9c95693b5f5d39282b2df\">Ces objectifs sont fix\u00e9s par rapport \u00e0 une ann\u00e9e de r\u00e9f\u00e9rence post\u00e9rieure \u00e0 2010. Pour y parvenir, la loi durcit les exigences du Diagnostic de Performance \u00c9nerg\u00e9tique (DPE) et encourage l&rsquo;adoption de technologies et de mat\u00e9riaux durables.<\/p>\n\n\n\n<h2 class=\"wp-block-heading has-text-color has-link-color has-medium-font-size wp-elements-51108919f3e9cf0115c1e18f68cb5596\" style=\"color:#4dc4f3\"><strong>R\u00e9duction des Consommations \u00c9nerg\u00e9tiques et de l&rsquo;Empreinte Carbone<\/strong><\/h2>\n\n\n\n<p class=\"has-black-color has-text-color has-link-color has-medium-font-size wp-elements-52f3e86d21f49194d690d2b016c0616d\">Les mesures pr\u00e9vues par la loi ELAN visent \u00e0 r\u00e9duire significativement la consommation \u00e9nerg\u00e9tique des b\u00e2timents. Cela permet de diminuer les co\u00fbts d&rsquo;exploitation tout en contribuant \u00e0 la r\u00e9duction de l&#8217;empreinte carbone. Une gestion \u00e9nerg\u00e9tique intelligente, combin\u00e9e \u00e0 une bonne isolation et ventilation, est essentielle pour \u00e9viter des d\u00e9penses excessives en chauffage, climatisation ou purification de l&rsquo;air.<\/p>\n\n\n\n<h2 class=\"wp-block-heading has-text-color has-link-color has-medium-font-size wp-elements-6781d8bbba2a2c1eed00fe80e30e05d9\" style=\"color:#4dc4f3\"><strong>Qualit\u00e9 de l&rsquo;Air Int\u00e9rieur et Gestion \u00c9nerg\u00e9tique : Un Enjeu de Sant\u00e9 Publique<\/strong><\/h2>\n\n\n\n<p class=\"has-black-color has-text-color has-link-color has-medium-font-size wp-elements-0ecac734f5554ca9f2ae857ae00279af\">La qualit\u00e9 de l&rsquo;air int\u00e9rieur (QAI) est un enjeu de sant\u00e9 publique majeur, d&rsquo;autant plus que nous passons en moyenne 80 % de notre temps dans des espaces clos. La loi ELAN reconna\u00eet ce besoin en introduisant des mesures pour surveiller la QAI, notamment dans les \u00e9tablissements recevant du public (ERP) comme les cr\u00e8ches et les \u00e9coles.<\/p>\n\n\n\n<p class=\"has-black-color has-text-color has-link-color has-medium-font-size wp-elements-7e96f746a88bee7fbe2c5bc383a816ae\">Cependant, la gestion de la QAI ne doit pas \u00eatre dissoci\u00e9e de celle des d\u00e9penses \u00e9nerg\u00e9tiques. Un b\u00e2timent bien isol\u00e9 n\u00e9cessite une ventilation ad\u00e9quate pour assurer une bonne QAI. Or, une ventilation mal g\u00e9r\u00e9e peut entra\u00eener des surco\u00fbts \u00e9nerg\u00e9tiques importants.<\/p>\n\n\n\n<h2 class=\"wp-block-heading has-text-color has-link-color has-medium-font-size wp-elements-a8dd57dbd11f5f5967427d44b6f58fe6\" style=\"color:#4dc4f3\"><strong>Nanosense&nbsp;: Solutions innovantes pour une QAI optimis\u00e9e<\/strong><\/h2>\n\n\n\n<p class=\"has-black-color has-text-color has-link-color has-medium-font-size wp-elements-dbf61db12908815a398ae430bb051ae5\">Pour r\u00e9pondre aux exigences de la loi ELAN, Nanosense propose des solutions technologiques avanc\u00e9es pour la gestion de la qualit\u00e9 de l&rsquo;air int\u00e9rieur (QAI) et l&rsquo;efficacit\u00e9 \u00e9nerg\u00e9tique des b\u00e2timents. Nos capteurs multi-capteurs mesurent en temps r\u00e9el les polluants cl\u00e9s, comme les particules fines, le CO2 et les compos\u00e9s organiques volatils (COV).<\/p>\n\n\n\n<div class=\"wp-block-media-text is-stacked-on-mobile is-image-fill\" style=\"grid-template-columns:43% auto\"><figure class=\"wp-block-media-text__media\" style=\"background-image:url(https:\/\/nano-sense.com\/wp-content\/uploads\/2024\/08\/multi-polluant-Site-Web-600px.png);background-position:50% 50%\"><img decoding=\"async\" width=\"625\" height=\"625\" src=\"https:\/\/nano-sense.com\/wp-content\/uploads\/2024\/08\/multi-polluant-Site-Web-600px.png\" alt=\"Loi ELAN efficacit\u00e9 \u00e9nerg\u00e9tique qualit\u00e9 de l'air int\u00e9rieur\" class=\"wp-image-16719 size-full\" srcset=\"https:\/\/nano-sense.com\/wp-content\/uploads\/2024\/08\/multi-polluant-Site-Web-600px.png 625w, https:\/\/nano-sense.com\/wp-content\/uploads\/2024\/08\/multi-polluant-Site-Web-600px-300x300.png 300w, https:\/\/nano-sense.com\/wp-content\/uploads\/2024\/08\/multi-polluant-Site-Web-600px-150x150.png 150w, https:\/\/nano-sense.com\/wp-content\/uploads\/2024\/08\/multi-polluant-Site-Web-600px-600x600.png 600w\" sizes=\"(max-width: 625px) 100vw, 625px\" \/><\/figure><div class=\"wp-block-media-text__content\">\n<p class=\"has-black-color has-text-color has-link-color has-medium-font-size wp-elements-d1e58599e84112271934e0f6e92ee432\">Pour r\u00e9pondre aux exigences de la loi ELAN, Nanosense propose des solutions technologiques avanc\u00e9es pour la gestion de la qualit\u00e9 de l&rsquo;air int\u00e9rieur (QAI) et l&rsquo;efficacit\u00e9 \u00e9nerg\u00e9tique des b\u00e2timents. Notre sonde EP500 aux multi-capteurs mesurent en temps r\u00e9el les polluants cl\u00e9s, comme les particules fines, le CO2 et les compos\u00e9s organiques volatils (COV).<\/p>\n<\/div><\/div>\n\n\n\n<p class=\"has-black-color has-text-color has-link-color has-medium-font-size wp-elements-1a51f4b84d3b57d5c0d3654a46a34a96\">Gr\u00e2ce aux donn\u00e9es pr\u00e9cises de notre sonde, vous pouvez ajuster les d\u00e9bits de ventilation de mani\u00e8re optimale, r\u00e9duisant ainsi la consommation \u00e9nerg\u00e9tique jusqu&rsquo;\u00e0 74 %. Nos solutions garantissent une QAI optimale, assurant le confort et la sant\u00e9 des occupants tout en ma\u00eetrisant les co\u00fbts \u00e9nerg\u00e9tiques.<\/p>\n\n\n\n<h3 class=\"wp-block-heading has-text-color has-link-color has-medium-font-size wp-elements-440c6fadf54a7c3440a2d3e45c72b519\" style=\"color:#4dc4f3\"><strong>Adoptez une Gestion \u00c9nerg\u00e9tique Intelligente avec Nanosense<\/strong><\/h3>\n\n\n\n<p class=\"has-black-color has-text-color has-link-color has-medium-font-size wp-elements-b30a2f004729cc9914f56dbe61defad2\">Avec Nanosense, vous b\u00e9n\u00e9ficiez de solutions technologiques innovantes pour g\u00e9rer efficacement la QAI tout en r\u00e9duisant vos co\u00fbts \u00e9nerg\u00e9tiques. Ensemble, construisons des b\u00e2timents plus sains, plus durables, et plus \u00e9conomes en \u00e9nergie.<\/p>\n\n\n\n<h3 class=\"wp-block-heading has-text-color has-link-color has-medium-font-size wp-elements-c97c0ab7f54780d7c73fee64e09072fc\" style=\"color:#4dc4f3\"><strong>D\u00e9couvrez notre SONDE EP500 pour une QAI optimis\u00e9e et une gestion \u00e9nerg\u00e9tique efficace.<\/strong><\/h3>\n\n\n\n<div class=\"wp-block-media-text is-stacked-on-mobile\"><figure class=\"wp-block-media-text__media\"><img decoding=\"async\" width=\"366\" height=\"316\" src=\"https:\/\/nano-sense.com\/wp-content\/uploads\/2020\/01\/Screenshot_28.png\" alt=\"\" class=\"wp-image-9415 size-full\" srcset=\"https:\/\/nano-sense.com\/wp-content\/uploads\/2020\/01\/Screenshot_28.png 366w, https:\/\/nano-sense.com\/wp-content\/uploads\/2020\/01\/Screenshot_28-300x259.png 300w\" sizes=\"(max-width: 366px) 100vw, 366px\" \/><\/figure><div class=\"wp-block-media-text__content\">\n<div class=\"wp-block-buttons is-layout-flex wp-block-buttons-is-layout-flex\">\n<div class=\"wp-block-button has-custom-width wp-block-button__width-50 has-custom-font-size has-medium-font-size\"><a class=\"wp-block-button__link has-background wp-element-button\" href=\"https:\/\/nano-sense.com\/index.php\/capteur-ep5000\/\" style=\"background-color:#4dc4f3\"><strong>JE D\u00c9COUVRE<\/strong><\/a><\/div>\n<\/div>\n<\/div><\/div>\n","protected":false},"excerpt":{"rendered":"<p>La Loi ELAN impose des normes strictes en efficacit\u00e9 \u00e9nerg\u00e9tique et Qualit\u00e9 de l&rsquo;Air Int\u00e9rieur. Nanosense vous aide \u00e0 r\u00e9pondre \u00e0 ces exigences.<\/p>\n","protected":false},"author":8,"featured_media":16744,"comment_status":"open","ping_status":"closed","sticky":false,"template":"","format":"standard","meta":{"_uf_show_specific_survey":0,"_uf_disable_surveys":false,"footnotes":"","_wp_rev_ctl_limit":""},"categories":[154],"tags":[230,224,207,213],"class_list":["post-16715","post","type-post","status-publish","format-standard","has-post-thumbnail","hentry","category-actualites","tag-maitriser-la-qualite-de-lair","tag-optimisation-energetique","tag-qualite-de-lair-interieur","tag-ventilation","entry","has-media"],"aioseo_notices":[],"yoast_head":"<!-- This site is optimized with the Yoast SEO plugin v25.6 - https:\/\/yoast.com\/wordpress\/plugins\/seo\/ -->\n<title>LOI ELAN : Efficacit\u00e9 \u00c9nerg\u00e9tique et Qualit\u00e9 de l&#039;Air Int\u00e9rieur<\/title>\n<meta name=\"description\" content=\"La Loi ELAN impose des normes strictes en efficacit\u00e9 \u00e9nerg\u00e9tique et Qualit\u00e9 de l&#039;Air Int\u00e9rieur. Nanosense vous aide \u00e0 r\u00e9pondre \u00e0 ces exigences.\" \/>\n<meta name=\"robots\" content=\"index, follow, max-snippet:-1, max-image-preview:large, max-video-preview:-1\" \/>\n<link rel=\"canonical\" href=\"https:\/\/nano-sense.com\/index.php\/actualites\/loi-elan-efficacite-energetique-qualite-air-interieur\/\" \/>\n<meta property=\"og:locale\" content=\"fr_FR\" \/>\n<meta property=\"og:type\" content=\"article\" \/>\n<meta property=\"og:title\" content=\"LOI ELAN : Efficacit\u00e9 \u00c9nerg\u00e9tique et Qualit\u00e9 de l&#039;Air Int\u00e9rieur\" \/>\n<meta property=\"og:description\" content=\"La Loi ELAN impose des normes strictes en efficacit\u00e9 \u00e9nerg\u00e9tique et Qualit\u00e9 de l&#039;Air Int\u00e9rieur. Nanosense vous aide \u00e0 r\u00e9pondre \u00e0 ces exigences.\" \/>\n<meta property=\"og:url\" content=\"https:\/\/nano-sense.com\/index.php\/actualites\/loi-elan-efficacite-energetique-qualite-air-interieur\/\" \/>\n<meta property=\"og:site_name\" content=\"NanoSense\" \/>\n<meta property=\"article:published_time\" content=\"2024-08-29T12:58:16+00:00\" \/>\n<meta property=\"article:modified_time\" content=\"2024-09-02T13:07:59+00:00\" \/>\n<meta property=\"og:image\" content=\"https:\/\/nano-sense.com\/wp-content\/uploads\/2024\/08\/banner-wordpress.png\" \/>\n\t<meta property=\"og:image:width\" content=\"1200\" \/>\n\t<meta property=\"og:image:height\" content=\"675\" \/>\n\t<meta property=\"og:image:type\" content=\"image\/png\" \/>\n<meta name=\"author\" content=\"Olivier\" \/>\n<meta name=\"twitter:card\" content=\"summary_large_image\" \/>\n<meta name=\"twitter:label1\" content=\"\u00c9crit par\" \/>\n\t<meta name=\"twitter:data1\" content=\"Olivier\" \/>\n\t<meta name=\"twitter:label2\" content=\"Dur\u00e9e de lecture estim\u00e9e\" \/>\n\t<meta name=\"twitter:data2\" content=\"4 minutes\" \/>\n<script type=\"application\/ld+json\" class=\"yoast-schema-graph\">{\"@context\":\"https:\/\/schema.org\",\"@graph\":[{\"@type\":\"Article\",\"@id\":\"https:\/\/nano-sense.com\/index.php\/actualites\/loi-elan-efficacite-energetique-qualite-air-interieur\/#article\",\"isPartOf\":{\"@id\":\"https:\/\/nano-sense.com\/index.php\/actualites\/loi-elan-efficacite-energetique-qualite-air-interieur\/\"},\"author\":{\"name\":\"Olivier\",\"@id\":\"https:\/\/nano-sense.com\/#\/schema\/person\/5df3fcb722c51e50b72365ebb0881502\"},\"headline\":\"LOI ELAN : Efficacit\u00e9 \u00c9nerg\u00e9tique et Qualit\u00e9 de l&rsquo;Air Int\u00e9rieur.\",\"datePublished\":\"2024-08-29T12:58:16+00:00\",\"dateModified\":\"2024-09-02T13:07:59+00:00\",\"mainEntityOfPage\":{\"@id\":\"https:\/\/nano-sense.com\/index.php\/actualites\/loi-elan-efficacite-energetique-qualite-air-interieur\/\"},\"wordCount\":656,\"commentCount\":0,\"publisher\":{\"@id\":\"https:\/\/nano-sense.com\/#\/schema\/person\/5df3fcb722c51e50b72365ebb0881502\"},\"image\":{\"@id\":\"https:\/\/nano-sense.com\/index.php\/actualites\/loi-elan-efficacite-energetique-qualite-air-interieur\/#primaryimage\"},\"thumbnailUrl\":\"https:\/\/nano-sense.com\/wp-content\/uploads\/2024\/08\/banner-wordpress.png\",\"keywords\":[\"Maitriser la qualit\u00e9 de l&#039;air\",\"Optimisation \u00e9nerg\u00e9tique\",\"Qualit\u00e9 de l&#039;air int\u00e9rieur\",\"ventilation\"],\"articleSection\":[\"Actualit\u00e9s\"],\"inLanguage\":\"fr-FR\",\"potentialAction\":[{\"@type\":\"CommentAction\",\"name\":\"Comment\",\"target\":[\"https:\/\/nano-sense.com\/index.php\/actualites\/loi-elan-efficacite-energetique-qualite-air-interieur\/#respond\"]}]},{\"@type\":\"WebPage\",\"@id\":\"https:\/\/nano-sense.com\/index.php\/actualites\/loi-elan-efficacite-energetique-qualite-air-interieur\/\",\"url\":\"https:\/\/nano-sense.com\/index.php\/actualites\/loi-elan-efficacite-energetique-qualite-air-interieur\/\",\"name\":\"LOI ELAN : Efficacit\u00e9 \u00c9nerg\u00e9tique et Qualit\u00e9 de l'Air Int\u00e9rieur\",\"isPartOf\":{\"@id\":\"https:\/\/nano-sense.com\/#website\"},\"primaryImageOfPage\":{\"@id\":\"https:\/\/nano-sense.com\/index.php\/actualites\/loi-elan-efficacite-energetique-qualite-air-interieur\/#primaryimage\"},\"image\":{\"@id\":\"https:\/\/nano-sense.com\/index.php\/actualites\/loi-elan-efficacite-energetique-qualite-air-interieur\/#primaryimage\"},\"thumbnailUrl\":\"https:\/\/nano-sense.com\/wp-content\/uploads\/2024\/08\/banner-wordpress.png\",\"datePublished\":\"2024-08-29T12:58:16+00:00\",\"dateModified\":\"2024-09-02T13:07:59+00:00\",\"description\":\"La Loi ELAN impose des normes strictes en efficacit\u00e9 \u00e9nerg\u00e9tique et Qualit\u00e9 de l'Air Int\u00e9rieur. Nanosense vous aide \u00e0 r\u00e9pondre \u00e0 ces exigences.\",\"breadcrumb\":{\"@id\":\"https:\/\/nano-sense.com\/index.php\/actualites\/loi-elan-efficacite-energetique-qualite-air-interieur\/#breadcrumb\"},\"inLanguage\":\"fr-FR\",\"potentialAction\":[{\"@type\":\"ReadAction\",\"target\":[\"https:\/\/nano-sense.com\/index.php\/actualites\/loi-elan-efficacite-energetique-qualite-air-interieur\/\"]}]},{\"@type\":\"ImageObject\",\"inLanguage\":\"fr-FR\",\"@id\":\"https:\/\/nano-sense.com\/index.php\/actualites\/loi-elan-efficacite-energetique-qualite-air-interieur\/#primaryimage\",\"url\":\"https:\/\/nano-sense.com\/wp-content\/uploads\/2024\/08\/banner-wordpress.png\",\"contentUrl\":\"https:\/\/nano-sense.com\/wp-content\/uploads\/2024\/08\/banner-wordpress.png\",\"width\":1200,\"height\":675,\"caption\":\"tout savoir sur la loi elan\"},{\"@type\":\"BreadcrumbList\",\"@id\":\"https:\/\/nano-sense.com\/index.php\/actualites\/loi-elan-efficacite-energetique-qualite-air-interieur\/#breadcrumb\",\"itemListElement\":[{\"@type\":\"ListItem\",\"position\":1,\"name\":\"Accueil\",\"item\":\"https:\/\/nano-sense.com\/\"},{\"@type\":\"ListItem\",\"position\":2,\"name\":\"LOI ELAN : Efficacit\u00e9 \u00c9nerg\u00e9tique et Qualit\u00e9 de l&rsquo;Air Int\u00e9rieur.\"}]},{\"@type\":\"WebSite\",\"@id\":\"https:\/\/nano-sense.com\/#website\",\"url\":\"https:\/\/nano-sense.com\/\",\"name\":\"NanoSense\",\"description\":\"Just another Astra Starter Templates site\",\"publisher\":{\"@id\":\"https:\/\/nano-sense.com\/#\/schema\/person\/5df3fcb722c51e50b72365ebb0881502\"},\"potentialAction\":[{\"@type\":\"SearchAction\",\"target\":{\"@type\":\"EntryPoint\",\"urlTemplate\":\"https:\/\/nano-sense.com\/?s={search_term_string}\"},\"query-input\":{\"@type\":\"PropertyValueSpecification\",\"valueRequired\":true,\"valueName\":\"search_term_string\"}}],\"inLanguage\":\"fr-FR\"},{\"@type\":[\"Person\",\"Organization\"],\"@id\":\"https:\/\/nano-sense.com\/#\/schema\/person\/5df3fcb722c51e50b72365ebb0881502\",\"name\":\"Olivier\",\"image\":{\"@type\":\"ImageObject\",\"inLanguage\":\"fr-FR\",\"@id\":\"https:\/\/nano-sense.com\/#\/schema\/person\/image\/\",\"url\":\"https:\/\/nano-sense.com\/wp-content\/uploads\/2024\/07\/cropped-image.png\",\"contentUrl\":\"https:\/\/nano-sense.com\/wp-content\/uploads\/2024\/07\/cropped-image.png\",\"width\":542,\"height\":318,\"caption\":\"Olivier\"},\"logo\":{\"@id\":\"https:\/\/nano-sense.com\/#\/schema\/person\/image\/\"},\"url\":\"https:\/\/nano-sense.com\/index.php\/author\/h1e2r3v4e5s6t7e8r9l1i2n3g4\/\"}]}<\/script>\n<!-- \/ Yoast SEO plugin. -->","yoast_head_json":{"title":"LOI ELAN : Efficacit\u00e9 \u00c9nerg\u00e9tique et Qualit\u00e9 de l'Air Int\u00e9rieur","description":"La Loi ELAN impose des normes strictes en efficacit\u00e9 \u00e9nerg\u00e9tique et Qualit\u00e9 de l'Air Int\u00e9rieur. Nanosense vous aide \u00e0 r\u00e9pondre \u00e0 ces exigences.","robots":{"index":"index","follow":"follow","max-snippet":"max-snippet:-1","max-image-preview":"max-image-preview:large","max-video-preview":"max-video-preview:-1"},"canonical":"https:\/\/nano-sense.com\/index.php\/actualites\/loi-elan-efficacite-energetique-qualite-air-interieur\/","og_locale":"fr_FR","og_type":"article","og_title":"LOI ELAN : Efficacit\u00e9 \u00c9nerg\u00e9tique et Qualit\u00e9 de l'Air Int\u00e9rieur","og_description":"La Loi ELAN impose des normes strictes en efficacit\u00e9 \u00e9nerg\u00e9tique et Qualit\u00e9 de l'Air Int\u00e9rieur. Nanosense vous aide \u00e0 r\u00e9pondre \u00e0 ces exigences.","og_url":"https:\/\/nano-sense.com\/index.php\/actualites\/loi-elan-efficacite-energetique-qualite-air-interieur\/","og_site_name":"NanoSense","article_published_time":"2024-08-29T12:58:16+00:00","article_modified_time":"2024-09-02T13:07:59+00:00","og_image":[{"width":1200,"height":675,"url":"https:\/\/nano-sense.com\/wp-content\/uploads\/2024\/08\/banner-wordpress.png","type":"image\/png"}],"author":"Olivier","twitter_card":"summary_large_image","twitter_misc":{"\u00c9crit par":"Olivier","Dur\u00e9e de lecture estim\u00e9e":"4 minutes"},"schema":{"@context":"https:\/\/schema.org","@graph":[{"@type":"Article","@id":"https:\/\/nano-sense.com\/index.php\/actualites\/loi-elan-efficacite-energetique-qualite-air-interieur\/#article","isPartOf":{"@id":"https:\/\/nano-sense.com\/index.php\/actualites\/loi-elan-efficacite-energetique-qualite-air-interieur\/"},"author":{"name":"Olivier","@id":"https:\/\/nano-sense.com\/#\/schema\/person\/5df3fcb722c51e50b72365ebb0881502"},"headline":"LOI ELAN : Efficacit\u00e9 \u00c9nerg\u00e9tique et Qualit\u00e9 de l&rsquo;Air Int\u00e9rieur.","datePublished":"2024-08-29T12:58:16+00:00","dateModified":"2024-09-02T13:07:59+00:00","mainEntityOfPage":{"@id":"https:\/\/nano-sense.com\/index.php\/actualites\/loi-elan-efficacite-energetique-qualite-air-interieur\/"},"wordCount":656,"commentCount":0,"publisher":{"@id":"https:\/\/nano-sense.com\/#\/schema\/person\/5df3fcb722c51e50b72365ebb0881502"},"image":{"@id":"https:\/\/nano-sense.com\/index.php\/actualites\/loi-elan-efficacite-energetique-qualite-air-interieur\/#primaryimage"},"thumbnailUrl":"https:\/\/nano-sense.com\/wp-content\/uploads\/2024\/08\/banner-wordpress.png","keywords":["Maitriser la qualit\u00e9 de l&#039;air","Optimisation \u00e9nerg\u00e9tique","Qualit\u00e9 de l&#039;air int\u00e9rieur","ventilation"],"articleSection":["Actualit\u00e9s"],"inLanguage":"fr-FR","potentialAction":[{"@type":"CommentAction","name":"Comment","target":["https:\/\/nano-sense.com\/index.php\/actualites\/loi-elan-efficacite-energetique-qualite-air-interieur\/#respond"]}]},{"@type":"WebPage","@id":"https:\/\/nano-sense.com\/index.php\/actualites\/loi-elan-efficacite-energetique-qualite-air-interieur\/","url":"https:\/\/nano-sense.com\/index.php\/actualites\/loi-elan-efficacite-energetique-qualite-air-interieur\/","name":"LOI ELAN : Efficacit\u00e9 \u00c9nerg\u00e9tique et Qualit\u00e9 de l'Air Int\u00e9rieur","isPartOf":{"@id":"https:\/\/nano-sense.com\/#website"},"primaryImageOfPage":{"@id":"https:\/\/nano-sense.com\/index.php\/actualites\/loi-elan-efficacite-energetique-qualite-air-interieur\/#primaryimage"},"image":{"@id":"https:\/\/nano-sense.com\/index.php\/actualites\/loi-elan-efficacite-energetique-qualite-air-interieur\/#primaryimage"},"thumbnailUrl":"https:\/\/nano-sense.com\/wp-content\/uploads\/2024\/08\/banner-wordpress.png","datePublished":"2024-08-29T12:58:16+00:00","dateModified":"2024-09-02T13:07:59+00:00","description":"La Loi ELAN impose des normes strictes en efficacit\u00e9 \u00e9nerg\u00e9tique et Qualit\u00e9 de l'Air Int\u00e9rieur. Nanosense vous aide \u00e0 r\u00e9pondre \u00e0 ces exigences.","breadcrumb":{"@id":"https:\/\/nano-sense.com\/index.php\/actualites\/loi-elan-efficacite-energetique-qualite-air-interieur\/#breadcrumb"},"inLanguage":"fr-FR","potentialAction":[{"@type":"ReadAction","target":["https:\/\/nano-sense.com\/index.php\/actualites\/loi-elan-efficacite-energetique-qualite-air-interieur\/"]}]},{"@type":"ImageObject","inLanguage":"fr-FR","@id":"https:\/\/nano-sense.com\/index.php\/actualites\/loi-elan-efficacite-energetique-qualite-air-interieur\/#primaryimage","url":"https:\/\/nano-sense.com\/wp-content\/uploads\/2024\/08\/banner-wordpress.png","contentUrl":"https:\/\/nano-sense.com\/wp-content\/uploads\/2024\/08\/banner-wordpress.png","width":1200,"height":675,"caption":"tout savoir sur la loi elan"},{"@type":"BreadcrumbList","@id":"https:\/\/nano-sense.com\/index.php\/actualites\/loi-elan-efficacite-energetique-qualite-air-interieur\/#breadcrumb","itemListElement":[{"@type":"ListItem","position":1,"name":"Accueil","item":"https:\/\/nano-sense.com\/"},{"@type":"ListItem","position":2,"name":"LOI ELAN : Efficacit\u00e9 \u00c9nerg\u00e9tique et Qualit\u00e9 de l&rsquo;Air Int\u00e9rieur."}]},{"@type":"WebSite","@id":"https:\/\/nano-sense.com\/#website","url":"https:\/\/nano-sense.com\/","name":"NanoSense","description":"Just another Astra Starter Templates site","publisher":{"@id":"https:\/\/nano-sense.com\/#\/schema\/person\/5df3fcb722c51e50b72365ebb0881502"},"potentialAction":[{"@type":"SearchAction","target":{"@type":"EntryPoint","urlTemplate":"https:\/\/nano-sense.com\/?s={search_term_string}"},"query-input":{"@type":"PropertyValueSpecification","valueRequired":true,"valueName":"search_term_string"}}],"inLanguage":"fr-FR"},{"@type":["Person","Organization"],"@id":"https:\/\/nano-sense.com\/#\/schema\/person\/5df3fcb722c51e50b72365ebb0881502","name":"Olivier","image":{"@type":"ImageObject","inLanguage":"fr-FR","@id":"https:\/\/nano-sense.com\/#\/schema\/person\/image\/","url":"https:\/\/nano-sense.com\/wp-content\/uploads\/2024\/07\/cropped-image.png","contentUrl":"https:\/\/nano-sense.com\/wp-content\/uploads\/2024\/07\/cropped-image.png","width":542,"height":318,"caption":"Olivier"},"logo":{"@id":"https:\/\/nano-sense.com\/#\/schema\/person\/image\/"},"url":"https:\/\/nano-sense.com\/index.php\/author\/h1e2r3v4e5s6t7e8r9l1i2n3g4\/"}]}},"_links":{"self":[{"href":"https:\/\/nano-sense.com\/index.php\/wp-json\/wp\/v2\/posts\/16715"}],"collection":[{"href":"https:\/\/nano-sense.com\/index.php\/wp-json\/wp\/v2\/posts"}],"about":[{"href":"https:\/\/nano-sense.com\/index.php\/wp-json\/wp\/v2\/types\/post"}],"author":[{"embeddable":true,"href":"https:\/\/nano-sense.com\/index.php\/wp-json\/wp\/v2\/users\/8"}],"replies":[{"embeddable":true,"href":"https:\/\/nano-sense.com\/index.php\/wp-json\/wp\/v2\/comments?post=16715"}],"version-history":[{"count":2,"href":"https:\/\/nano-sense.com\/index.php\/wp-json\/wp\/v2\/posts\/16715\/revisions"}],"predecessor-version":[{"id":16752,"href":"https:\/\/nano-sense.com\/index.php\/wp-json\/wp\/v2\/posts\/16715\/revisions\/16752"}],"wp:featuredmedia":[{"embeddable":true,"href":"https:\/\/nano-sense.com\/index.php\/wp-json\/wp\/v2\/media\/16744"}],"wp:attachment":[{"href":"https:\/\/nano-sense.com\/index.php\/wp-json\/wp\/v2\/media?parent=16715"}],"wp:term":[{"taxonomy":"category","embeddable":true,"href":"https:\/\/nano-sense.com\/index.php\/wp-json\/wp\/v2\/categories?post=16715"},{"taxonomy":"post_tag","embeddable":true,"href":"https:\/\/nano-sense.com\/index.php\/wp-json\/wp\/v2\/tags?post=16715"}],"curies":[{"name":"wp","href":"https:\/\/api.w.org\/{rel}","templated":true}]}}